{"id":3239,"date":"2017-09-05T16:34:35","date_gmt":"2017-09-05T19:34:35","guid":{"rendered":"http:\/\/www.mpb.eng.br\/n\/?p=3239"},"modified":"2017-09-05T16:38:06","modified_gmt":"2017-09-05T19:38:06","slug":"a-mpb-engenharia-foi-destaque-no-ranking-da-engenharia-brasileira-em-2017","status":"publish","type":"post","link":"http:\/\/www.mpb.eng.br\/n\/a-mpb-engenharia-foi-destaque-no-ranking-da-engenharia-brasileira-em-2017\/","title":{"rendered":"A MPB Engenharia foi destaque no Ranking da Engenharia Brasileira em 2017"},"content":{"rendered":"<p>No dia 22 de agosto de 2017, a revista O Empreiteiro realizou no Espa\u00e7o APAS em S\u00e3o Paulo, a solenidade de premia\u00e7\u00e3o do Ranking da Engenharia Brasileira 2017. A MPB Engenharia foi um dos destaques ficando na 43\u00ba coloca\u00e7\u00e3o do Ranking, sendo chamada para receber o diploma e o trof\u00e9u na premia\u00e7\u00e3o.<br \/>\nNo evento foram destacados a trajet\u00f3ria hist\u00f3rica da Engenharia Brasileira, ao construir a infraestrutura que sustenta a economia do Pa\u00eds e a qualidade de vida da popula\u00e7\u00e3o.<\/p>\n<p>O Dr. Eng.\u00a0<a class=\"yammer-object yj-hovercard-link yj-tooltip-target\" dir=\"auto\" title=\"\" href=\"https:\/\/www.yammer.com\/mpb.eng.br\/#\/users\/1529016270\" data-resource-model=\"user\" data-resource-id=\"1529016270\" data-yammer-object=\"user:1529016270\" data-qaid=\"hovercard_link\"><span class=\"yj-hovercard-link--name\">Bertoldo Silva Costa<\/span><\/a>, um dos diretores da empresa, esteve presente no evento e teve a honra de receber a premia\u00e7\u00e3o da MPB Engenharia.<\/p>\n<p><a href=\"http:\/\/www.mpb.eng.br\/n\/wp-content\/uploads\/2017\/09\/DSC_1228.jpg\"><img loading=\"lazy\" decoding=\"async\" class=\"alignnone wp-image-3238 size-thumbnail\" src=\"http:\/\/www.mpb.eng.br\/n\/wp-content\/uploads\/2017\/09\/DSC_1228-150x150.jpg\" alt=\"\" width=\"150\" height=\"150\" \/><\/a> <a href=\"http:\/\/www.mpb.eng.br\/n\/wp-content\/uploads\/2017\/09\/DSC_1195.jpg\"><img loading=\"lazy\" decoding=\"async\" class=\"alignnone wp-image-3237 size-thumbnail\" src=\"http:\/\/www.mpb.eng.br\/n\/wp-content\/uploads\/2017\/09\/DSC_1195-150x150.jpg\" alt=\"\" width=\"150\" height=\"150\" \/><\/a> <a href=\"http:\/\/www.mpb.eng.br\/n\/wp-content\/uploads\/2017\/09\/DSC_1191.jpg\"><img loading=\"lazy\" decoding=\"async\" class=\"alignnone wp-image-3236 size-thumbnail\" src=\"http:\/\/www.mpb.eng.br\/n\/wp-content\/uploads\/2017\/09\/DSC_1191-150x150.jpg\" alt=\"\" width=\"150\" height=\"150\" \/><\/a> <a href=\"http:\/\/www.mpb.eng.br\/n\/wp-content\/uploads\/2015\/07\/reuniao_armacao_florianopolis.jpg.jpg\"><img loading=\"lazy\" decoding=\"async\" class=\"alignnone wp-image-3229 size-thumbnail\" src=\"http:\/\/www.mpb.eng.br\/n\/wp-content\/uploads\/2015\/07\/reuniao_armacao_florianopolis.jpg-150x150.jpg\" alt=\"\" width=\"150\" height=\"150\" \/><\/a><\/p>\n","protected":false},"excerpt":{"rendered":"<p>No dia 22 de agosto de 2017, a revista O Empreiteiro realizou no Espa\u00e7o APAS em S\u00e3o Paulo, a solenidade de premia\u00e7\u00e3o do Ranking da Engenharia Brasileira 2017. A MPB Engenharia foi um dos destaques ficando na 43\u00ba coloca\u00e7\u00e3o do Ranking, sendo chamada para receber o diploma e o trof\u00e9u na premia\u00e7\u00e3o. No evento foram [&hellip;]<\/p>\n","protected":false},"author":1,"featured_media":3236,"comment_status":"closed","ping_status":"open","sticky":false,"template":"","format":"standard","meta":{"_et_pb_use_builder":"","_et_pb_old_content":"","footnotes":""},"categories":[1],"tags":[],"class_list":["post-3239","post","type-post","status-publish","format-standard","has-post-thumbnail","hentry","category-sem-categoria"],"_links":{"self":[{"href":"http:\/\/www.mpb.eng.br\/n\/wp-json\/wp\/v2\/posts\/3239","targetHints":{"allow":["GET"]}}],"collection":[{"href":"http:\/\/www.mpb.eng.br\/n\/wp-json\/wp\/v2\/posts"}],"about":[{"href":"http:\/\/www.mpb.eng.br\/n\/wp-json\/wp\/v2\/types\/post"}],"author":[{"embeddable":true,"href":"http:\/\/www.mpb.eng.br\/n\/wp-json\/wp\/v2\/users\/1"}],"replies":[{"embeddable":true,"href":"http:\/\/www.mpb.eng.br\/n\/wp-json\/wp\/v2\/comments?post=3239"}],"version-history":[{"count":4,"href":"http:\/\/www.mpb.eng.br\/n\/wp-json\/wp\/v2\/posts\/3239\/revisions"}],"predecessor-version":[{"id":3243,"href":"http:\/\/www.mpb.eng.br\/n\/wp-json\/wp\/v2\/posts\/3239\/revisions\/3243"}],"wp:featuredmedia":[{"embeddable":true,"href":"http:\/\/www.mpb.eng.br\/n\/wp-json\/wp\/v2\/media\/3236"}],"wp:attachment":[{"href":"http:\/\/www.mpb.eng.br\/n\/wp-json\/wp\/v2\/media?parent=3239"}],"wp:term":[{"taxonomy":"category","embeddable":true,"href":"http:\/\/www.mpb.eng.br\/n\/wp-json\/wp\/v2\/categories?post=3239"},{"taxonomy":"post_tag","embeddable":true,"href":"http:\/\/www.mpb.eng.br\/n\/wp-json\/wp\/v2\/tags?post=3239"}],"curies":[{"name":"wp","href":"https:\/\/api.w.org\/{rel}","templated":true}]}}